{"id":1313,"date":"2019-05-05T14:50:39","date_gmt":"2019-05-05T12:50:39","guid":{"rendered":"http:\/\/csicso.com\/futas\/?p=1313"},"modified":"2019-06-28T15:22:36","modified_gmt":"2019-06-28T13:22:36","slug":"x-borvidek-felmaraton-the-show-must-go-on","status":"publish","type":"post","link":"http:\/\/csicso.com\/futas\/x-borvidek-felmaraton-the-show-must-go-on\/","title":{"rendered":"X. Borvid\u00e9k F\u00e9lmaraton &#8211; The Show Must Go On"},"content":{"rendered":"\n<p>Bakancslist\u00e1s versenyre jutottam el id\u00e9n, r\u00e9g\u00f3ta terveztem az indul\u00e1st itt. Kev\u00e9s fut\u00f3 van az orsz\u00e1gban aki ne hallott volna a Borvid\u00e9k F\u00e9lmaratonr\u00f3l, igazi fut\u00f3 \u00fcnnep, fieszta, fantasztikus hangulat, fr\u00f6ccs minden mennyis\u00e9gben.<\/p>\n\n\n\n<p>\u00dagy lett volna az igazi, ahogy sokan csin\u00e1lj\u00e1k, lemennek m\u00e1r p\u00e9ntek est\u00e9re, bar\u00e1ti t\u00e1rsas\u00e1gok, buliznak, szombaton aki akar fut valamekkora t\u00e1vot majd a verseny ut\u00e1n kipihenik magukat kis grill mellett sok fr\u00f6ccsel \u00e9s m\u00e1snap(osan) mennek haza. Sajnos erre most nem volt lehet\u0151s\u00e9gem, V\u00e1radi Mercivel ketten aznap ment\u00fcnk \u00e9s a verseny ut\u00e1n indultunk haza, de \u00edgy is felejthetetlen \u00e9lm\u00e9ny a verseny, ugyanis ezen bar\u00e1ti t\u00e1rsas\u00e1gok nem fut\u00f3 tagjai majdnem v\u00e9gig ott vannak a p\u00e1lya ment\u00e9n, szurkolnak, locsolnak, m\u00e9rik a fr\u00f6ccs\u00f6t, vizet, nyomj\u00e1k a zen\u00e9t, pacsiznak \ud83d\ude42<\/p>\n\n\n\n<p>Id\u0151ben elindultunk, \u00fat k\u00f6zben Merci sz\u00e9nhidr\u00e1t mentes s\u00fctij\u00e9vel k\u00e9sz\u00fclt\u00fcnk a megm\u00e9rettet\u00e9sre, magyar\u00e1n csak az addigi edz\u00e9sekben b\u00edzhattunk \ud83d\ude00 Amib\u0151l nekem nem sok jutott id\u00e9n&#8230; visszat\u00e9r\u0151 s\u00e9r\u00fcl\u00e9s h\u00e1tr\u00e1ltatott id\u00e9n m\u00e1r sokadj\u00e1ra, ezen a h\u00e9ten h\u00e9tf\u0151n m\u00e9g kocogtam, de f\u00e1jt a l\u00e1bam, \u00edgy azt\u00e1n nem is er\u0151ltettem keddt\u0151l semmit, csak est\u00e9nk\u00e9nt durv\u00e1n nekiestem a hengeremmel a k\u00e9rd\u00e9ses r\u00e9sznek, b\u00edzva abban hogy nem lesz vele gond. N\u00e9gy nap komplett pihen\u00e9s el\u00e9g sok olyan szempontb\u00f3l, hogy az izmok kicsit kiesnek a ritmusb\u00f3l (nincsenek t\u00f3nusban \ud83d\ude42 ) \u00e9s nehezen veszik fel a terhel\u00e9st, f\u0151leg ekkor\u00e1t ami v\u00e1rt r\u00e1m. A p\u00e1lya hossza 30 km volt, ami elvileg nem is lenne gond, de beletettek 800 m\u00e9ter szintemelked\u00e9st, ami kev\u00e9snek t\u0171nhet de nem az. F\u0151leg alf\u00f6ldi embernek. Ugyanis ez nem annyi hogy megy\u00fcnk 800 m\u00e9ter felfel\u00e9, hanem ugyanennyit lefel\u00e9 is, ami m\u00e9g rosszabb, f\u0151leg a t\u00e9rdnek, comboknak, mert ott nekem nem szabad megl\u00f3dulni, cs\u00fanya v\u00e9ge lenne, \u00edgy maradt a folyamatos f\u00e9kez\u00e9s. A s\u00e9r\u00fcl\u00e9sek miatt futni ugyan sokkal kevesebbet tudtam, de itthon a padon egy-egy film mellett ha s\u00e9t\u00e1ltam azt b\u00edrta, \u00edgy el\u00e9g sokat meneteltem rajta, 10 fokos emelked\u00e9s, er\u0151ltetett menet temp\u00f3nak, ez pont abban a pulzusz\u00f3n\u00e1ban dolgoztat ami az \u00e1ll\u00f3k\u00e9pess\u00e9get n\u00f6veli \u00e9s nem hittem volna hogy ennyit fog jelenteni, de ne szaladjunk ennyire el\u0151re. E mell\u00e9 bevezettem hogy naponta 5-6x csin\u00e1lok 3&#215;30 m\u00e1sodperc planket, meguntam a v\u00e1ll \u00e9s der\u00e9k f\u00e1jdalmakat, olyan pedig nincs, hogy \u00f3r\u00e1nk\u00e9nt ne legyen 2 percem elv\u00e9gezni ezt  a gyakorlatot. \u00cdgy kev\u00e9sb\u00e9 f\u00e1radnak a t\u00f6rzsizmok h\u00e1g\u00e1s k\u00f6zben illetve amit \u00e9szrevettem hogy a v\u00e1llam se \u00e1ll be fut\u00e1s k\u00f6zben.<\/p>\n\n\n\n<p>R\u00f6viden ilyen el\u0151k\u00e9sz\u00fcletek ut\u00e1n \u00e1lltam be a rajtba, ami frenetikus volt:<\/p>\n\n\n\n<figure class=\"wp-block-embed-youtube wp-block-embed is-type-video is-provider-youtube wp-embed-aspect-4-3 wp-has-aspect-ratio\"><div class=\"wp-block-embed__wrapper\">\n<iframe loading=\"lazy\" title=\"X. Borvid\u00e9k rajt\" width=\"530\" height=\"298\" src=\"https:\/\/www.youtube.com\/embed\/K5_VYFJRT-Q?feature=oembed\" frameborder=\"0\" allow=\"accelerometer; autoplay; clipboard-write; encrypted-media; gyroscope; picture-in-picture; web-share\" referrerpolicy=\"strict-origin-when-cross-origin\" allowfullscreen><\/iframe>\n<\/div><figcaption>T\u00f6bb sz\u00e1z ember, ord\u00edt\u00f3 Queen, egyszerre taps, ugr\u00e1l\u00e1s, meg\u0151r\u00fcl\u00e9s<\/figcaption><\/figure>\n\n\n\n<p>Nem tudtam mi v\u00e1r r\u00e1m, a p\u00e1lyarajzot se n\u00e9ztem meg, im\u00e1dkoztam hogy a l\u00e1bamnak ne legyen baja. A sok hengerez\u00e9st\u0151l nagyon j\u00f3 \u00e1llapotban voltak azt \u00e9reztem, vitt a t\u00f6meg, rem\u00e9ltem hogy nem megyek t\u00fal gyorsan, igyekeztem egyenletesen haladni a t\u00f6megben. Eg\u00e9szen az els\u0151 komolyabb emelked\u0151ig, ami nem sokat v\u00e1ratott mag\u00e1ra, a lank\u00e1sabb r\u00e9szen tudtam kocogni, \u00e9reztem a pulzusom is ok\u00e9s, ennek \u00f6r\u00fcltem, sokan m\u00e1r s\u00e9t\u00e1ltak. Gondoltam magamban, lehet tudnak valamit, \u00edgy amikor meredekebb lett tudtam hogy s\u00e9t\u00e1lva gyorsabb leszek illetve nem is pulz\u00e1lok feleslegesen \ud83d\ude42 Er\u0151ltetett menetre v\u00e1ltottam mint addigra szinte az eg\u00e9sz mez\u0151ny akiket l\u00e1ttam magam el\u0151tt \u00e9s elkezdtem felj\u00f6nni mint a talajv\u00edz. De t\u00e9nyleg. Figyeltem hogy ne hajtsam t\u00fal magam, de nagyon j\u00f3 \u00e9rz\u00e9s volt temp\u00f3san s\u00e9t\u00e1lni, folyamatosan mentem el\u0151re a mez\u0151nyben, k\u00e9nyelmesen, 107 kil\u00f3san, saruban (p\u00e1r megjegyz\u00e9st is kaptam k\u00f6zben: &#8222;Papucsban? Ne m\u00e1r, ez komoly?&#8221; &#8211; &#8222;Te t\u00e9nyleg ebben akarsz v\u00e9gigmenni?&#8221; &#8211; &#8222;Hogy lehet ebben futni?&#8221; \u00e9s t\u00e1rsai, igen n\u00e9pszer\u0171 volt a &#8222;Csak a h\u00fcly\u00e9k futnak&#8221; p\u00f3l\u00f3m is a friss\u00edt\u0151 pontokon \ud83d\ude42 ). Azon agyaltam, hogy nehogy sok legyen itt az elej\u00e9n m\u00e9g ez is, mert nem tudtam h\u00e1ny darab \u00e9s milyen emelked\u0151 \/ lejt\u0151 van m\u00e9g el\u0151ttem, igaz\u00e1b\u00f3l nem is a verseny miatt j\u00f6ttem, ez t\u00e9nyleg bulifut\u00e1s, b\u00e1r \u00edgy egyed\u00fcl a mez\u0151nyben nem olyan izgi, de a verseny k\u00f6zepe t\u00e1j\u00e1n utol\u00e9rtem Sija \u00c9vit, akivel az UB-n is ment\u00fcnk egy\u00fctt, most is j\u00f3t besz\u00e9lgett\u00fcnk k\u00f6zben, m\u00edg a p\u00e1lya csak fel \u00e9s le ing\u00e1zott alattunk, illetve a mez\u0151nyben is akadt mindig valaki akit utol\u00e9rtem \u00e9s v\u00e1ltottunk p\u00e1r sz\u00f3t, t\u00f6bbek k\u00f6z\u00f6tt Ors\u00f3s Ferivel is v\u00e9gre tal\u00e1lkoztam, akit a tavalyi \u00e9v v\u00e9g\u00e9n &#8211; a k\u00f6z\u00f6ss\u00e9g aminek tagja seg\u00edtett hozz\u00e1 egy \u00e9remtart\u00f3hoz, \u00f6r\u00fcltem hogy tal\u00e1lkoztunk. S\u00f3tablett\u00e1n k\u00edv\u00fcl nem vittem semmit, az asztalokr\u00f3l k\u00f3l\u00e1t \u00e9s iz\u00f3t nyomtam illetve ban\u00e1nt (mivel sof\u0151r voltam \u00edgy a fr\u00f6ccs most nem f\u00e9rt bele &#8211; mondjuk egy emberrel tal\u00e1lkoztam, aki egy lejt\u0151n pr\u00f3b\u00e1lt lefel\u00e9 menni, de olyan r\u00e9szeg volt \u00e1llni is alig \u00e1llt a l\u00e1b\u00e1n, ezt nem nagyon \u00e9rtem mi\u00e9rt j\u00f3 itt ennyire benyomni, egy-k\u00e9t lejt\u0151 j\u00f3zanul is el\u00e9g \u00e9rdekes volt, egyszer vesztette volna el az egyens\u00faly\u00e1t, lekuglizta volna az el\u0151tte fut\u00f3kat&#8230;). Egyszer volt hogy a sok sz\u00e9nsavt\u00f3l kicsit f\u00e1jt a gyomrom, de ezt k\u00e9t-h\u00e1rom finggal siker\u00fclt orvosolni.<\/p>\n\n\n\n<ul class=\"wp-block-gallery columns-2 is-cropped wp-block-gallery-1 is-layout-flex wp-block-gallery-is-layout-flex\"><li class=\"blocks-gallery-item\"><figure><img loading=\"lazy\" decoding=\"async\" width=\"1024\" height=\"768\" src=\"http:\/\/csicso.com\/futas\/wp-content\/uploads\/2019\/05\/59519494_1150991565086804_2269789597737156608_n-1024x768.jpg\" alt=\"\" data-id=\"1315\" data-link=\"http:\/\/csicso.com\/futas\/?attachment_id=1315\" class=\"wp-image-1315\" srcset=\"http:\/\/csicso.com\/futas\/wp-content\/uploads\/2019\/05\/59519494_1150991565086804_2269789597737156608_n-1024x768.jpg 1024w, http:\/\/csicso.com\/futas\/wp-content\/uploads\/2019\/05\/59519494_1150991565086804_2269789597737156608_n-300x225.jpg 300w, http:\/\/csicso.com\/futas\/wp-content\/uploads\/2019\/05\/59519494_1150991565086804_2269789597737156608_n-768x576.jpg 768w\" sizes=\"auto, (max-width: 1024px) 100vw, 1024px\" \/><\/figure><\/li><li class=\"blocks-gallery-item\"><figure><img loading=\"lazy\" decoding=\"async\" width=\"1024\" height=\"768\" src=\"http:\/\/csicso.com\/futas\/wp-content\/uploads\/2019\/05\/59695177_654145658365717_413433036516884480_n-1024x768.jpg\" alt=\"\" data-id=\"1316\" data-link=\"http:\/\/csicso.com\/futas\/?attachment_id=1316\" class=\"wp-image-1316\" srcset=\"http:\/\/csicso.com\/futas\/wp-content\/uploads\/2019\/05\/59695177_654145658365717_413433036516884480_n-1024x768.jpg 1024w, http:\/\/csicso.com\/futas\/wp-content\/uploads\/2019\/05\/59695177_654145658365717_413433036516884480_n-300x225.jpg 300w, http:\/\/csicso.com\/futas\/wp-content\/uploads\/2019\/05\/59695177_654145658365717_413433036516884480_n-768x576.jpg 768w\" sizes=\"auto, (max-width: 1024px) 100vw, 1024px\" \/><\/figure><\/li><\/ul>\n\n\n\n<p>Eltekintve k\u00e9t-h\u00e1rom er\u0151sebb emelked\u0151t\u0151l nem volt gondom a felfel\u00e9kkel, lefel\u00e9 viszont a t\u00e9rdem m\u00e1r be-be jelzett hogy nem nagyon tetszik neki a rajta egyens\u00falyozott t\u00fals\u00faly, illetve mivel a saru talpa el\u00e9g j\u00f3l tapad, \u00edgy kicsit gy\u0171rte a b\u0151rt lefel\u00e9 na meg persze a l\u00e1bujjk\u00f6z\u00f6s r\u00e9szn\u00e9l kikezdte a b\u0151rt, de nem volt v\u00e9szes, a talpam viszont ezekt\u0151l el\u00e9gg\u00e9 \u00e9gett m\u00e1r a v\u00e9g\u00e9n, f\u0151leg a kavicsos r\u00e9szeken szisszentem fel n\u00e9ha-n\u00e9ha, de er\u0151nl\u00e9tileg \u00e9n nagyon meg voltam lep\u0151dve magamon, gyakorlatilag magamhoz k\u00e9pest v\u00e9gigtoltam az eg\u00e9szet, k\u00e9nyelmesen friss\u00edtettem mindenhol, a Bodri pinc\u00e9n\u00e9l m\u00e9g modellt is \u00e1lltam k\u00e9r\u00e9sre a molin\u00f3val:<\/p>\n\n\n\n<figure class=\"wp-block-image\"><img loading=\"lazy\" decoding=\"async\" width=\"720\" height=\"960\" src=\"http:\/\/csicso.com\/futas\/wp-content\/uploads\/2019\/05\/59144724_2726494300712926_2369673425892409344_n.jpg\" alt=\"\" class=\"wp-image-1314\" srcset=\"http:\/\/csicso.com\/futas\/wp-content\/uploads\/2019\/05\/59144724_2726494300712926_2369673425892409344_n.jpg 720w, http:\/\/csicso.com\/futas\/wp-content\/uploads\/2019\/05\/59144724_2726494300712926_2369673425892409344_n-225x300.jpg 225w\" sizes=\"auto, (max-width: 720px) 100vw, 720px\" \/><\/figure>\n\n\n\n<figure class=\"wp-block-image\"><img loading=\"lazy\" decoding=\"async\" width=\"1024\" height=\"768\" src=\"http:\/\/csicso.com\/futas\/wp-content\/uploads\/2019\/05\/59229829_401274530711126_8200617092475518976_n-1024x768.jpg\" alt=\"\" class=\"wp-image-1317\" srcset=\"http:\/\/csicso.com\/futas\/wp-content\/uploads\/2019\/05\/59229829_401274530711126_8200617092475518976_n-1024x768.jpg 1024w, http:\/\/csicso.com\/futas\/wp-content\/uploads\/2019\/05\/59229829_401274530711126_8200617092475518976_n-300x225.jpg 300w, http:\/\/csicso.com\/futas\/wp-content\/uploads\/2019\/05\/59229829_401274530711126_8200617092475518976_n-768x576.jpg 768w\" sizes=\"auto, (max-width: 1024px) 100vw, 1024px\" \/><\/figure>\n\n\n\n<figure class=\"wp-block-image\"><img loading=\"lazy\" decoding=\"async\" width=\"768\" height=\"1024\" src=\"http:\/\/csicso.com\/futas\/wp-content\/uploads\/2019\/05\/59530196_395007491343996_3336331488885997568_n-768x1024.jpg\" alt=\"\" class=\"wp-image-1318\" srcset=\"http:\/\/csicso.com\/futas\/wp-content\/uploads\/2019\/05\/59530196_395007491343996_3336331488885997568_n-768x1024.jpg 768w, http:\/\/csicso.com\/futas\/wp-content\/uploads\/2019\/05\/59530196_395007491343996_3336331488885997568_n-225x300.jpg 225w\" sizes=\"auto, (max-width: 768px) 100vw, 768px\" \/><\/figure>\n\n\n\n<p>Az \u00fatvonal mellett a sz\u0151l\u0151sben rengeteg motiv\u00e1ci\u00f3s t\u00e1bla van, amik egy\u00e9bk\u00e9nt gond n\u00e9lk\u00fcl hazavihet\u0151k, s\u0151t k\u00f6telez\u0151 is szinte, de el\u00e9g kev\u00e9ssel tal\u00e1lkoztam, mert el\u0151ttem leszedt\u00e9k, ilyenek hogy &#8222;Vigy\u00e1zat pulzustraffipax!&#8221; illetve &#8222;J\u00f3 lenne ha sietn\u00e9l, mert menn\u00e9nk &#8211; K\u00f6sz\u00f6nettel a szervez\u0151k&#8221;, &#8222;Oxig\u00e9n Rental &#8211; Closed&#8221;, stb. J\u00f3 lett volna r\u00f6h\u00f6gni k\u00f6zben rajtuk, de ekkora m\u00e1r az\u00e9rt t\u00e9nyleg el\u00e9g f\u00fajtat\u00f3sra siker\u00fclt egy-k\u00e9t emelked\u0151 \ud83d\ude42<\/p>\n\n\n\n<ul class=\"wp-block-gallery columns-3 is-cropped wp-block-gallery-2 is-layout-flex wp-block-gallery-is-layout-flex\"><li class=\"blocks-gallery-item\"><figure><img loading=\"lazy\" decoding=\"async\" width=\"768\" height=\"1024\" src=\"http:\/\/csicso.com\/futas\/wp-content\/uploads\/2019\/05\/59305916_593259381085497_3553730900774617088_n-768x1024.jpg\" alt=\"\" data-id=\"1319\" data-link=\"http:\/\/csicso.com\/futas\/?attachment_id=1319\" class=\"wp-image-1319\" srcset=\"http:\/\/csicso.com\/futas\/wp-content\/uploads\/2019\/05\/59305916_593259381085497_3553730900774617088_n-768x1024.jpg 768w, http:\/\/csicso.com\/futas\/wp-content\/uploads\/2019\/05\/59305916_593259381085497_3553730900774617088_n-225x300.jpg 225w\" sizes=\"auto, (max-width: 768px) 100vw, 768px\" \/><\/figure><\/li><li class=\"blocks-gallery-item\"><figure><img loading=\"lazy\" decoding=\"async\" width=\"1024\" height=\"768\" src=\"http:\/\/csicso.com\/futas\/wp-content\/uploads\/2019\/05\/59519494_1150991565086804_2269789597737156608_n-1-1024x768.jpg\" alt=\"\" data-id=\"1320\" data-link=\"http:\/\/csicso.com\/futas\/?attachment_id=1320\" class=\"wp-image-1320\" srcset=\"http:\/\/csicso.com\/futas\/wp-content\/uploads\/2019\/05\/59519494_1150991565086804_2269789597737156608_n-1-1024x768.jpg 1024w, http:\/\/csicso.com\/futas\/wp-content\/uploads\/2019\/05\/59519494_1150991565086804_2269789597737156608_n-1-300x225.jpg 300w, http:\/\/csicso.com\/futas\/wp-content\/uploads\/2019\/05\/59519494_1150991565086804_2269789597737156608_n-1-768x576.jpg 768w\" sizes=\"auto, (max-width: 1024px) 100vw, 1024px\" \/><\/figure><\/li><li class=\"blocks-gallery-item\"><figure><img loading=\"lazy\" decoding=\"async\" width=\"768\" height=\"1024\" src=\"http:\/\/csicso.com\/futas\/wp-content\/uploads\/2019\/05\/56917795_686878841744699_8693209305425379328_n-768x1024.jpg\" alt=\"\" data-id=\"1321\" data-link=\"http:\/\/csicso.com\/futas\/?attachment_id=1321\" class=\"wp-image-1321\" srcset=\"http:\/\/csicso.com\/futas\/wp-content\/uploads\/2019\/05\/56917795_686878841744699_8693209305425379328_n-768x1024.jpg 768w, http:\/\/csicso.com\/futas\/wp-content\/uploads\/2019\/05\/56917795_686878841744699_8693209305425379328_n-225x300.jpg 225w\" sizes=\"auto, (max-width: 768px) 100vw, 768px\" \/><\/figure><\/li><li class=\"blocks-gallery-item\"><figure><img loading=\"lazy\" decoding=\"async\" width=\"768\" height=\"1024\" src=\"http:\/\/csicso.com\/futas\/wp-content\/uploads\/2019\/05\/59432394_2304451606266128_5908008307724910592_n-768x1024.jpg\" alt=\"\" data-id=\"1329\" data-link=\"http:\/\/csicso.com\/futas\/?attachment_id=1329\" class=\"wp-image-1329\" srcset=\"http:\/\/csicso.com\/futas\/wp-content\/uploads\/2019\/05\/59432394_2304451606266128_5908008307724910592_n-768x1024.jpg 768w, http:\/\/csicso.com\/futas\/wp-content\/uploads\/2019\/05\/59432394_2304451606266128_5908008307724910592_n-225x300.jpg 225w\" sizes=\"auto, (max-width: 768px) 100vw, 768px\" \/><\/figure><\/li><\/ul>\n\n\n\n<p>A v\u00e9g\u00e9re az\u00e9rt kell\u0151en elk\u00e9sz\u00fcltem az er\u0151mmel, persze m\u00e9g tudtam futni, de csak az\u00e9rt ment, mert tudtam t\u00e9nyleg mindj\u00e1rt v\u00e9ge. M\u00e9g egy-k\u00e9t rend\u0151r k\u00e9rdezte a v\u00e1rosban hogy ugye nem ebben voltam, de ott m\u00e1r nagyon csattogtam, f\u00e1radt voltam, nem volt er\u0151m rendesen landolni, illetve lejtett is enyh\u00e9n, h\u00fazott mag\u00e1val a p\u00e1lya \ud83d\ude42 A befut\u00f3 term\u00e9szetesen legal\u00e1bb mint a rajt hangulatban, rengeteg szurkol\u00f3, mindenki tapsol, sz\u00f3l a zene, te pedig rendesen elf\u00e1radva v\u00e9gre l\u00e1tod a c\u00e9lkaput, nyakba az \u00e9rem: X. Borvid\u00e9k F\u00e9lmaraton az eny\u00e9m. Bakancslista pipa. 3 \u00f3ra 57 perc lett a v\u00e9ge \u00e9s s\u00edkon se mentem volna 3:20 alatt, sz\u00f3val ez sz\u00e1momra t\u00f6bb mint j\u00f3 eredm\u00e9ny.<\/p>\n\n\n\n<ul class=\"wp-block-gallery columns-2 is-cropped wp-block-gallery-3 is-layout-flex wp-block-gallery-is-layout-flex\"><li class=\"blocks-gallery-item\"><figure><img loading=\"lazy\" decoding=\"async\" width=\"768\" height=\"1024\" src=\"http:\/\/csicso.com\/futas\/wp-content\/uploads\/2019\/05\/59301252_391796368074838_3677813407899189248_n-768x1024.jpg\" alt=\"\" data-id=\"1335\" data-link=\"http:\/\/csicso.com\/futas\/?attachment_id=1335\" class=\"wp-image-1335\" srcset=\"http:\/\/csicso.com\/futas\/wp-content\/uploads\/2019\/05\/59301252_391796368074838_3677813407899189248_n-768x1024.jpg 768w, http:\/\/csicso.com\/futas\/wp-content\/uploads\/2019\/05\/59301252_391796368074838_3677813407899189248_n-225x300.jpg 225w\" sizes=\"auto, (max-width: 768px) 100vw, 768px\" \/><\/figure><\/li><li class=\"blocks-gallery-item\"><figure><img loading=\"lazy\" decoding=\"async\" width=\"768\" height=\"1024\" src=\"http:\/\/csicso.com\/futas\/wp-content\/uploads\/2019\/05\/59890636_422723735184429_2115583920870260736_n-768x1024.jpg\" alt=\"\" data-id=\"1336\" data-link=\"http:\/\/csicso.com\/futas\/?attachment_id=1336\" class=\"wp-image-1336\" srcset=\"http:\/\/csicso.com\/futas\/wp-content\/uploads\/2019\/05\/59890636_422723735184429_2115583920870260736_n-768x1024.jpg 768w, http:\/\/csicso.com\/futas\/wp-content\/uploads\/2019\/05\/59890636_422723735184429_2115583920870260736_n-225x300.jpg 225w\" sizes=\"auto, (max-width: 768px) 100vw, 768px\" \/><\/figure><\/li><\/ul>\n\n\n\n<p>Ez viszont nem csak ennyi, ide t\u00e9nyleg id\u0151ben el kell kezdeni szervezni valami frank\u00f3 csal\u00e1dos mini kir\u00e1ndul\u00e1st is, sz\u00e9p hely, t\u00f6k\u00e9letes szervez\u00e9s, frank\u00f3 hangulat. K\u00f6sz\u00f6nj\u00fck!<\/p>\n","protected":false},"excerpt":{"rendered":"<p>Bakancslist\u00e1s versenyre jutottam el id\u00e9n, r\u00e9g\u00f3ta terveztem az indul\u00e1st itt. Kev\u00e9s fut\u00f3 van az orsz\u00e1gban aki ne hallott volna a Borvid\u00e9k F\u00e9lmaratonr\u00f3l, igazi fut\u00f3 \u00fcnnep, fieszta, fantasztikus hangulat, fr\u00f6ccs minden mennyis\u00e9gben. \u00dagy lett volna az igazi, ahogy sokan csin\u00e1lj\u00e1k, lemennek m\u00e1r p\u00e9ntek est\u00e9re, bar\u00e1ti t\u00e1rsas\u00e1gok, buliznak, szombaton aki akar fut valamekkora t\u00e1vot majd a verseny &hellip; <a href=\"http:\/\/csicso.com\/futas\/x-borvidek-felmaraton-the-show-must-go-on\/\">Continue reading <span class=\"meta-nav\">&rarr;<\/span><\/a><\/p>\n","protected":false},"author":1,"featured_media":0,"comment_status":"closed","ping_status":"closed","sticky":false,"template":"","format":"standard","meta":{"footnotes":""},"categories":[2,1,6],"tags":[],"class_list":["post-1313","post","type-post","status-publish","format-standard","hentry","category-futas","category-uncategorized","category-versenyek"],"_links":{"self":[{"href":"http:\/\/csicso.com\/futas\/wp-json\/wp\/v2\/posts\/1313","targetHints":{"allow":["GET"]}}],"collection":[{"href":"http:\/\/csicso.com\/futas\/wp-json\/wp\/v2\/posts"}],"about":[{"href":"http:\/\/csicso.com\/futas\/wp-json\/wp\/v2\/types\/post"}],"author":[{"embeddable":true,"href":"http:\/\/csicso.com\/futas\/wp-json\/wp\/v2\/users\/1"}],"replies":[{"embeddable":true,"href":"http:\/\/csicso.com\/futas\/wp-json\/wp\/v2\/comments?post=1313"}],"version-history":[{"count":4,"href":"http:\/\/csicso.com\/futas\/wp-json\/wp\/v2\/posts\/1313\/revisions"}],"predecessor-version":[{"id":1338,"href":"http:\/\/csicso.com\/futas\/wp-json\/wp\/v2\/posts\/1313\/revisions\/1338"}],"wp:attachment":[{"href":"http:\/\/csicso.com\/futas\/wp-json\/wp\/v2\/media?parent=1313"}],"wp:term":[{"taxonomy":"category","embeddable":true,"href":"http:\/\/csicso.com\/futas\/wp-json\/wp\/v2\/categories?post=1313"},{"taxonomy":"post_tag","embeddable":true,"href":"http:\/\/csicso.com\/futas\/wp-json\/wp\/v2\/tags?post=1313"}],"curies":[{"name":"wp","href":"https:\/\/api.w.org\/{rel}","templated":true}]}}