{"id":173,"date":"2014-12-31T17:36:32","date_gmt":"2014-12-31T15:36:32","guid":{"rendered":"http:\/\/csicso.com\/ironman\/?p=173"},"modified":"2019-06-28T15:32:18","modified_gmt":"2019-06-28T13:32:18","slug":"vege-idenre","status":"publish","type":"post","link":"http:\/\/csicso.com\/futas\/vege-idenre\/","title":{"rendered":"V\u00e9ge id\u00e9nre! :)"},"content":{"rendered":"<p>Most m\u00e1r biztos, hogy nem futok id\u00e9n t\u00f6bbet, a kis csoportunkkal z\u00e1rtam az \u00e9vet, ahol 10,9 km-t futottam. A k\u00f6z\u00f6s fut\u00e1s ebb\u0151l kb. 7-8 km lehetett, besz\u00e9lget\u0151s, 6:10 k\u00f6r\u00fcli temp\u00f3ban, nagyon k\u00e9nyelmesen. Egyre kev\u00e9sb\u00e9 kell figyelnem az \u00faj technik\u00e1ra azt vettem \u00e9szre, er\u0151lk\u00f6d\u00e9s n\u00e9lk\u00fcl ment a dolog \u00e9s csak a d\u0151l\u00e9ssel ment az iramv\u00e1lt\u00e1s. Ezt volt alkalmam kipr\u00f3b\u00e1lni, ugyanis hazafel\u00e9 egy biciklis p\u00e1r ut\u00e1n kocogtam, mikor eld\u00f6nt\u00f6ttem befogom \u0151ket. Elkezdtem jobban d\u0151lni, n\u0151tt a l\u00e9p\u00e9shossz de er\u0151lk\u00f6d\u00e9sben semmi sem v\u00e1ltozott, csak szapor\u00e1bban kellett szednem a leveg\u0151t, ritmus maradt. El\u00e9g volt az oxig\u00e9n, ez a hideg leveg\u0151 hat\u00e9konyabb mint a f\u00fclledt meleg \u00e9s siker\u00fclt is az utca v\u00e9ge el\u0151tt eltrappolni mellett\u00fck, olyan j\u00f3 5 perces temp\u00f3ban kb. H\u00e1t az nagyon vil\u00e1gi volt! \ud83d\ude42<br \/>\nSajna most l\u00e1ttam mikor haza\u00e9rtem, hogy 1554,53 km-el z\u00e1rom az idei \u00e9vet, ha tudom, akkor azt a szutyok 500m-t hozz\u00e1futom, elsz\u00e1moltam magam, de mindegy, ez is m\u00e1sf\u00e9lszer t\u00f6bb, mint amit terveztem, \u00e1lmodtam.<br \/>\nKilom\u00e9terekben gazdag, boldog \u00faj \u00e9vet k\u00edv\u00e1nok Mindenkinek! J\u00f6v\u0151re folytat\u00e1s!<\/p>\n","protected":false},"excerpt":{"rendered":"<p>Most m\u00e1r biztos, hogy nem futok id\u00e9n t\u00f6bbet, a kis csoportunkkal z\u00e1rtam az \u00e9vet, ahol 10,9 km-t futottam. A k\u00f6z\u00f6s fut\u00e1s ebb\u0151l kb. 7-8 km lehetett, besz\u00e9lget\u0151s, 6:10 k\u00f6r\u00fcli temp\u00f3ban, nagyon k\u00e9nyelmesen. Egyre kev\u00e9sb\u00e9 kell figyelnem az \u00faj technik\u00e1ra azt vettem \u00e9szre, er\u0151lk\u00f6d\u00e9s n\u00e9lk\u00fcl ment a dolog \u00e9s csak a d\u0151l\u00e9ssel ment az iramv\u00e1lt\u00e1s. Ezt &hellip; <a href=\"http:\/\/csicso.com\/futas\/vege-idenre\/\">Continue reading <span class=\"meta-nav\">&rarr;<\/span><\/a><\/p>\n","protected":false},"author":1,"featured_media":0,"comment_status":"closed","ping_status":"closed","sticky":false,"template":"","format":"standard","meta":{"footnotes":""},"categories":[2],"tags":[],"class_list":["post-173","post","type-post","status-publish","format-standard","hentry","category-futas"],"_links":{"self":[{"href":"http:\/\/csicso.com\/futas\/wp-json\/wp\/v2\/posts\/173","targetHints":{"allow":["GET"]}}],"collection":[{"href":"http:\/\/csicso.com\/futas\/wp-json\/wp\/v2\/posts"}],"about":[{"href":"http:\/\/csicso.com\/futas\/wp-json\/wp\/v2\/types\/post"}],"author":[{"embeddable":true,"href":"http:\/\/csicso.com\/futas\/wp-json\/wp\/v2\/users\/1"}],"replies":[{"embeddable":true,"href":"http:\/\/csicso.com\/futas\/wp-json\/wp\/v2\/comments?post=173"}],"version-history":[{"count":1,"href":"http:\/\/csicso.com\/futas\/wp-json\/wp\/v2\/posts\/173\/revisions"}],"predecessor-version":[{"id":174,"href":"http:\/\/csicso.com\/futas\/wp-json\/wp\/v2\/posts\/173\/revisions\/174"}],"wp:attachment":[{"href":"http:\/\/csicso.com\/futas\/wp-json\/wp\/v2\/media?parent=173"}],"wp:term":[{"taxonomy":"category","embeddable":true,"href":"http:\/\/csicso.com\/futas\/wp-json\/wp\/v2\/categories?post=173"},{"taxonomy":"post_tag","embeddable":true,"href":"http:\/\/csicso.com\/futas\/wp-json\/wp\/v2\/tags?post=173"}],"curies":[{"name":"wp","href":"https:\/\/api.w.org\/{rel}","templated":true}]}}