{"id":240,"date":"2015-02-08T15:07:26","date_gmt":"2015-02-08T13:07:26","guid":{"rendered":"http:\/\/csicso.com\/ironman\/?p=240"},"modified":"2019-06-28T15:31:50","modified_gmt":"2019-06-28T13:31:50","slug":"vegre-kozos-edzes","status":"publish","type":"post","link":"http:\/\/csicso.com\/futas\/vegre-kozos-edzes\/","title":{"rendered":"V\u00e9gre k\u00f6z\u00f6s edz\u00e9s"},"content":{"rendered":"<p>Hosszas r\u00e1besz\u00e9l\u0151 munka \u00e1r\u00e1n siker\u00fclt lecsalni a nejem is futni ma d\u00e9lel\u0151tt \ud83d\ude42 K\u00e9sz\u00fcl \u00e9lete els\u0151 &#8222;verseny\u00e9re&#8221;, a palkonyai d\u0171l\u0151fut\u00e1sra, neki ez a motiv\u00e1ci\u00f3, hogy sikeresen teljes\u00edtse a majd 9 km-t.<br \/>\nMa lej\u00f6tt velem a fut\u00f3p\u00e1ly\u00e1ra, az els\u0151 kilom\u00e9teren elk\u00eds\u00e9rtem, hogy ne siesse el a dolgot (8 perc felett ment\u00fcnk picivel), ut\u00e1na s\u00e9ta, majd \u00fajb\u00f3l futott, megint s\u00e9ta stb. 5 km-t siker\u00fclt \u00edgy teljes\u00edtenie, pulzusm\u00e9r\u0151 \u00edgy is becsipogott, 165 fel\u00e9 j\u00e1rt mikor futott, de legal\u00e1bb elkezdte, ha minden igaz heti k\u00e9tszer megy majd kocogni.<br \/>\n\u00c9n pr\u00f3b\u00e1ltam k\u00f6zben p\u00e1r gyors k\u00f6rt beiktatni, a p\u00e1ly\u00e1ra is szaladva mentem &#8211; \u0151 biciklin k\u00eds\u00e9rt &#8211; \u00f6sszesen 10,5 km gy\u0171lt nekem, a temp\u00f3sabb id\u0151szakokban ahogy sz\u00e1moltan kb. 5:10-5:20 k\u00f6r\u00fcl mentem amit b\u00edrtam szinte v\u00e9gig orron \u00e1t \u00e9s olyan 1.5-2 km-en kereszt\u00fcl. Ez eddig m\u00e9g nem ment \u00edgy&#8230; Nagyon j\u00f3l esett a fut\u00e1s, \u00e9lveztem hogy lehetett trappolni gyorsan, de j\u00f6v\u0151 h\u00e9tre egy kis pihentet\u0151 hetet iktatok be, nem akarok se ki\u00e9gni se t\u00faledzeni magam&#8230;<\/p>\n","protected":false},"excerpt":{"rendered":"<p>Hosszas r\u00e1besz\u00e9l\u0151 munka \u00e1r\u00e1n siker\u00fclt lecsalni a nejem is futni ma d\u00e9lel\u0151tt \ud83d\ude42 K\u00e9sz\u00fcl \u00e9lete els\u0151 &#8222;verseny\u00e9re&#8221;, a palkonyai d\u0171l\u0151fut\u00e1sra, neki ez a motiv\u00e1ci\u00f3, hogy sikeresen teljes\u00edtse a majd 9 km-t. Ma lej\u00f6tt velem a fut\u00f3p\u00e1ly\u00e1ra, az els\u0151 kilom\u00e9teren elk\u00eds\u00e9rtem, hogy ne siesse el a dolgot (8 perc felett ment\u00fcnk picivel), ut\u00e1na s\u00e9ta, majd \u00fajb\u00f3l &hellip; <a href=\"http:\/\/csicso.com\/futas\/vegre-kozos-edzes\/\">Continue reading <span class=\"meta-nav\">&rarr;<\/span><\/a><\/p>\n","protected":false},"author":1,"featured_media":0,"comment_status":"closed","ping_status":"closed","sticky":false,"template":"","format":"standard","meta":{"footnotes":""},"categories":[2],"tags":[],"class_list":["post-240","post","type-post","status-publish","format-standard","hentry","category-futas"],"_links":{"self":[{"href":"http:\/\/csicso.com\/futas\/wp-json\/wp\/v2\/posts\/240","targetHints":{"allow":["GET"]}}],"collection":[{"href":"http:\/\/csicso.com\/futas\/wp-json\/wp\/v2\/posts"}],"about":[{"href":"http:\/\/csicso.com\/futas\/wp-json\/wp\/v2\/types\/post"}],"author":[{"embeddable":true,"href":"http:\/\/csicso.com\/futas\/wp-json\/wp\/v2\/users\/1"}],"replies":[{"embeddable":true,"href":"http:\/\/csicso.com\/futas\/wp-json\/wp\/v2\/comments?post=240"}],"version-history":[{"count":1,"href":"http:\/\/csicso.com\/futas\/wp-json\/wp\/v2\/posts\/240\/revisions"}],"predecessor-version":[{"id":241,"href":"http:\/\/csicso.com\/futas\/wp-json\/wp\/v2\/posts\/240\/revisions\/241"}],"wp:attachment":[{"href":"http:\/\/csicso.com\/futas\/wp-json\/wp\/v2\/media?parent=240"}],"wp:term":[{"taxonomy":"category","embeddable":true,"href":"http:\/\/csicso.com\/futas\/wp-json\/wp\/v2\/categories?post=240"},{"taxonomy":"post_tag","embeddable":true,"href":"http:\/\/csicso.com\/futas\/wp-json\/wp\/v2\/tags?post=240"}],"curies":[{"name":"wp","href":"https:\/\/api.w.org\/{rel}","templated":true}]}}