{"id":479,"date":"2015-05-02T21:15:05","date_gmt":"2015-05-02T19:15:05","guid":{"rendered":"http:\/\/csicso.com\/ironman\/?p=479"},"modified":"2019-06-28T15:29:40","modified_gmt":"2019-06-28T13:29:40","slug":"vii-varfurdo-maraton-gyula","status":"publish","type":"post","link":"http:\/\/csicso.com\/futas\/vii-varfurdo-maraton-gyula\/","title":{"rendered":"VII. V\u00e1rf\u00fcrd\u0151 Maraton &#8211; Gyula"},"content":{"rendered":"<p>M\u00e1r tavaly beneveztem erre a versenyre, valamikor a b\u00e9k\u00e9scsabai maratonom ut\u00e1n, akci\u00f3s is volt a nevez\u00e9s, meg tudtam, hogy kellenek az ilyen hossz\u00fa versenyek is. Akkor m\u00e9g nem gondoltam, hogy k\u00f6zben beh\u00fazom a BSZM-et \u00e9s m\u00e1r m\u00e1jus elej\u00e9n ezen a versenyen l\u00e9pem \u00e1t az idei 1000 km-es hat\u00e1rt. Sokat futottam id\u00e9n na \u00e9s rem\u00e9ltem, hogy lesz eredm\u00e9nye ennek a rengeteg fut\u00e1snak. Ha m\u00e1s nem az, hogy vid\u00e1man, k\u00e9nyelmesen teljes\u00edtem m\u00e1sodik hivatalos maratonomat, a szintid\u0151 hat \u00f3ra volt, azt m\u00e1r szerencs\u00e9re \u00e1lmomb\u00f3l fekeltve is.<\/p>\n<p>\u00d6ten ment\u00fcnk a csoportunkb\u00f3l, h\u00e1rman f\u00e9lmaratonon ketten maratonon ment\u00fcnk, de vittem zen\u00e9t, mert a sr\u00e1c m\u00e1s dimenzi\u00f3, tudtam egyed\u00fcl leszek. A csoport edz\u0151j\u00e9vel az edz\u00e9sterv \u00f6ssze\u00e1ll\u00edt\u00e1sakor belevett\u00fck, hogy j\u00f3 lesz h\u00e9tv\u00e9gi hossz\u00fa edz\u00e9snek is, de az\u00e9rt annyit mondott, hogy a 4:30 benne van a buliban. Az el\u0151z\u0151 legjobbam 4:45 volt \u00e9s igaz\u00e1b\u00f3l az\u00f3ta csak maratoni versenyen nem voltam. Nem \u00edg\u00e9rtem neki semmit, de persze ez el\u00e9g volt, hogy a bogarat el\u00fcltesse a f\u00fclembe. Sz\u00e1molgattam, hogy 6:20 k\u00f6r\u00fcl kellene menni, mindezt brutt\u00f3ban, mert a friss\u00edt\u00e9sek miatt lass\u00edtani kell, fut\u00e1s, kocog\u00e1s k\u00f6zben se inni se r\u00e1gni nem tudok. Eld\u00f6nt\u00f6ttem, r\u00e1megyek, id\u0151 d\u00f6givel, ha be\u00fct a krach (ami be\u00fct\u00f6tt, de err\u0151l k\u00e9s\u0151bb) akkor is tudom teljes\u00edteni, max. nem siker\u00fcl az id\u0151t megd\u00f6nteni.<\/p>\n<p>A rajtcsomag felv\u00e9tele k\u00f6zben sz\u00f3ltak, hogy a rend\u0151r\u00f6knek mutassam be a szem\u00e9lyimet vagy az \u00fatlevelem, ugyanis \u00e1tment az \u00fatvonal Rom\u00e1ni\u00e1ba (sose voltam m\u00e9g ott, a franc se gondolta, hogy sz\u00f3 szerint egyszer csak kiszaladok sz\u00e9tn\u00e9zni :)). Na mivel semmit sem vittem magammal, kis gondolkod\u00e1s ut\u00e1n arra jutott a szervez\u0151s\u00e9g, hogy szarjam le, a l\u00e9nyeg hogy az a rajtsz\u00e1m ami kiment vissza is j\u00f6jj\u00f6n. Gondoltam ebben nem lesz hiba.<\/p>\n<p><a href=\"http:\/\/csicso.com\/ironman\/wp-content\/uploads\/2015\/05\/11193308_984782158207430_9069145345023666722_n.jpg\"><img loading=\"lazy\" decoding=\"async\" class=\" size-medium wp-image-480 aligncenter\" src=\"http:\/\/csicso.com\/ironman\/wp-content\/uploads\/2015\/05\/11193308_984782158207430_9069145345023666722_n-300x169.jpg\" alt=\"11193308_984782158207430_9069145345023666722_n\" width=\"300\" height=\"169\" srcset=\"http:\/\/csicso.com\/futas\/wp-content\/uploads\/2015\/05\/11193308_984782158207430_9069145345023666722_n-300x169.jpg 300w, http:\/\/csicso.com\/futas\/wp-content\/uploads\/2015\/05\/11193308_984782158207430_9069145345023666722_n.jpg 960w\" sizes=\"auto, (max-width: 300px) 100vw, 300px\" \/><\/a><\/p>\n<p>10 perccel hamarabb rajtolt az igen szeg\u00e9nyes maratoni mez\u0151ny, kaptunk szurkol\u00e1st \u00e9s m\u00e1r tekertem is fel a hanger\u0151t a ThunderDome 13-as album\u00e1ra, hogy kell\u0151en ellazuljak \ud83d\ude42 Azt elfelejtettem, hogy reggel \u00f3ta folyamatosan szit\u00e1lt az es\u0151 \u00e9s ez j\u00f3 darabig nem is v\u00e1ltozott, m\u00e1r gyakorlatilag vizes cip\u0151ben \u00e1lltam rajthoz, de a H\u00edd t\u00fal messze van t\u00far\u00e1n megtanultam, hogy ha ideges leszek emiatt, att\u00f3l nem sz\u00e1rad meg \u00e9s az es\u0151 sem \u00e1ll el, sz\u00f3val keep calm and run.<\/p>\n<p>A tervezett temp\u00f3m ugye 6:20 k\u00f6rny\u00e9ke volt, pulzusom figyeltem, kb. 150-155 k\u00f6r\u00fcl kellett legyen. Persze gyorsabban kezdtem, no nem sokkal \u00e9s a pulzus is j\u00f3t mutatott, \u00edgy nyugodt voltam, de l\u00e1ttam, hogy kerek 6 perc k\u00f6rny\u00e9k\u00e9t megyek. Tudtam ezzel nincs is most gond, rem\u00e9ltem k\u00e9s\u0151bb sem lesz, sz\u00f3val hagytam. Amin meglep\u0151dtem, hogy mintha valami f\u00e9lmaratoni mez\u0151nyben tal\u00e1ltam volna magam, nem gyorsan, de hat\u00e1rozottan mentek el mellettem a fut\u00f3k&#8230; hmmm&#8230; n\u00e9zem az \u00f3r\u00e1t, 6 perc, m\u00e9g egy fut\u00f3, csak nem vagyok h\u00fclye, szintid\u0151 b\u0151ven megvan, megyek \u00edgy \u00e9s k\u00e9sz. Egyszercsak finom duruzsol\u00e1sra lettem figyelmes m\u00f6g\u00f6ttem, h\u00e1t egy k\u00eds\u00e9r\u0151 rend\u0151raut\u00f3 volt, majdnem intettem neki, hogy menjen nyugodtan, nem zavar, de akkor j\u00f6ttem r\u00e1, hogy utols\u00f3 vagyok \ud83d\ude00 \ud83d\ude00 7 km k\u00f6rny\u00e9k\u00e9n j\u00e1rtunk \u00e9s m\u00e1r mindenki el\u0151ttem volt, \u00e9n tov\u00e1bbra is 6 perc k\u00f6r\u00fcl mentem, friss\u00edtettem, ban\u00e1n, sz\u0151l\u0151cukor, v\u00edz (m\u00e1s nagyon nem is volt) h\u00e1t mondom fasza, de igaz\u00e1b\u00f3l kit\u00fcntes\u00e9nek fogtam fel, ebben a mez\u0151nyben m\u00e9g az \u00e9lbolynak se volt k\u00eds\u00e9rete, bezzeg nekem! Nem frusztr\u00e1lt, hogy utols\u00f3 vagyok, titkon b\u00edztam benne, hogy elj\u00f6n m\u00e9g az \u00e9n id\u0151m. Nagyon lassan ny\u00faltak el t\u0151lem, nem mentek sokkal gyorsabban.<\/p>\n<p>Az es\u0151 tov\u00e1bbra is esett, hol er\u0151sebben, hol gyeng\u00e9bben, de nem f\u00e1ztam, igaz\u00e1b\u00f3l pont j\u00f3 volt, a sz\u00e9l alig f\u00fajt, sz\u00e9pen el\u00e9rt\u00fck a hat\u00e1rt, ahol a rend\u0151raut\u00f3 is lecsatlakozott m\u00f6g\u00fclem. Nem hazudok, ahogy \u00e1t\u00e9rt\u00fcnk, a sz\u00e9l feler\u0151s\u00f6d\u00f6tt \u00e9s oldalr\u00f3l csapta az es\u0151t, ami m\u00e9g jobban r\u00e1zend\u00edtett, m\u00e1r a tel\u00f3m miatt kezdtem agg\u00f3dni, b\u00e1r lassan csere \u00e9rett, de az\u00e9rt j\u00f3 lett volna ha b\u00edrja v\u00e9gig -\u00edgy is lett, kib\u00edrta. Csurom v\u00edz volt m\u00e1r mindenem, a zoknimon is \u00e9reztem, hogy vizes, de a m\u00e1r eml\u00edtett t\u00far\u00e1n enn\u00e9l sokkal durv\u00e1bb volt \u00e9s nem lett baja a l\u00e1bamnak, \u00edgy emiatt nem kellett agg\u00f3dnom.<\/p>\n<p>F\u00e9lmaratonn\u00e1l volt a fordul\u00f3 \u00e9s addigra m\u00e1r egy h\u00f6lgyet siker\u00fclt magam m\u00f6g\u00e9 utas\u00edtanom, temp\u00f3t nem v\u00e1ltottam, \u0151 lassult picit, be is villant amit az elej\u00e9n gondoltam: elj\u00f6tt az \u00e9n id\u0151m. Friss\u00edt\u0151n\u00e9l bekaptam a s\u00f3tablett\u00e1t, egy magn\u00e9zium, v\u00edz, sz\u0151l\u0151cukor, es\u0151 \u00e9s akkor l\u00e1ssuk mib\u0151l \u00e9l\u00fcnk. Kellett kicsit emelnem a temp\u00f3n, ugyanis olyan 6:20 k\u00f6rny\u00e9k\u00e9re lassultam vissza, ami ugyan j\u00f3 lett volna, de pici v\u00e9rszemet kaptam \u00e9s hi\u00e1ba f\u00fajt tot\u00e1l szembe a sz\u00e9l visszafel\u00e9 \u00e9s zuhogott az es\u0151, nagyon j\u00f3 \u00e1llapotban voltam, kicsit f\u00e1j\u00f3 t\u00e9rgyeim miatt v\u00e1ltoztattam egy keveset a st\u00edluson \u00e9s 155-\u00f6s pulzuson elkezdtem levad\u00e1szni az emberk\u00e9ket el\u0151ttem. Sokat kellett menni, mert m\u00e1r nagyon elny\u00falt a mez\u0151ny, de olyan er\u0151snek \u00e9reztem magam (\u00edgy is volt!) \u00e9s fejben is tot\u00e1l koncentr\u00e1lt voltam, pr\u00f3b\u00e1ljuk meg azt az 4:30-at, tudom a v\u00e9g\u00e9re elfogyok picit, \u00edgy j\u00f3l j\u00f6tt, hogy itt tudtam egy kis el\u0151nyt \u00f6sszeszedni. Itt t\u00f6k b\u00fcszke voltam magamra, milyen okos versenyz\u00e9ssel, milyen j\u00f3 \u00e1llapotban vagyok 28-30 km-n\u00e9l, ett\u0151l persze m\u00e9g jobban \u00e9reztem magam \ud83d\ude09 A hidrat\u00e1l\u00e1som is rendben lehetett, mert meg kellett \u00e1llnom pisilni, pedig erre ritk\u00e1n van sz\u00fcks\u00e9g, \u00e1ltal\u00e1ban elviszem a c\u00e9lig.<\/p>\n<p>Vissza\u00e9rt\u00fcnk Magyarorsz\u00e1gra \u00e9s j\u00f6tt aminek nem kellett volna: 34-36 km k\u00f6rny\u00e9k\u00e9n el\u00e1llt az es\u0151 \u00e9s elkezdett kikandik\u00e1lni a napocska. Mivel annyira hideg nem volt, p\u00e1rolgott m\u00e9g az \u00faristen is, a t\u00f6k\u00e9letes hacuk\u00e1m r\u00e1m f\u00fclledt, a s\u00f3tabletta hat\u00e1sa kifogyhatott (mert cukrot ettem eleget m\u00e1s meg nem lehetett), a gyomrom lassan de biztosan jelzett, hogy valami nincs rendben. J\u00f6tt aminek j\u00f6nnie kellett: 38 km-n\u00e9l elkezdtem fejben is sz\u00e9tesni. Tudj\u00e1tok, mikor: &#8222;Leszarom, s\u00e9t\u00e1lok egy picit&#8221;. N\u00e9ztem az \u00f3r\u00e1t, m\u00e1r csak 7 perces kilom\u00e9terekkel sz\u00e1moltam, h\u00e1\u00e1t, \u00faj cs\u00facs meglesz 4:32-4:35 k\u00f6rny\u00e9k\u00e9n, de ezt nem \u00edgy akartam. Elment\u00fcnk valami telep mellett ahol az \u00e1zott sz\u00e9na meg tr\u00e1gya p\u00e1rolgott \u00e9s olyan gyomorforgat\u00f3 t\u00f6m\u00e9ny b\u0171zt \u00e1rasztott, hogy azonnal b\u0151rl\u00e9gz\u00e9sre v\u00e1ltottam volna, mert sz\u00e1jon \u00e1t meg az \u00edz\u00e9t is \u00e9reztem. Ott gondoltam gyorsan taccsolok ink\u00e1bb, legy\u00fcnk t\u00fal rajta, majd lesz ut\u00e1na valahogy. Szerencs\u00e9re nagyon ut\u00e1lok h\u00e1nyni, \u00edgy ink\u00e1bb \u00f6sszeszor\u00edtottam amit kellett \u00e9s \u00e1tv\u00e9szeltem ezt a szakaszt, de term\u00e9szetesen egyre ink\u00e1bb fogytam el. Szaporodtak a s\u00e9t\u00e1k, az, hogy k\u00e9t kilom\u00e9ter van h\u00e1tra nem j\u00f3\u00e9rz\u00e9ssel, hanem p\u00e1nikkal t\u00f6lt\u00f6tt el, nem lehet igaz, itt lett volna egy t\u00f6k j\u00f3 es\u00e9ly \u00e9s valamit ki kellene tal\u00e1lni, mert \u00edgy csak legjobb id\u0151 be\u00e1ll\u00edt\u00e1sa lehet a legre\u00e1lisabb c\u00e9l. A balcsir\u00f3l tudtam, hogy m\u00e9g ha lassan is kocogok, gyorsabb mint s\u00e9t\u00e1lni \u00edgy fingom sincs milyen temp\u00f3val, de pr\u00f3b\u00e1ltam kocogni. M\u00e1r a zene is zavart, kivettem, nagyon a v\u00e9g\u00e9t j\u00e1rtam.<\/p>\n<p>Vissza\u00e9rve Gyul\u00e1ra se egy rendez\u0151, se egy felfest\u00e9s, szalagoz\u00e1s, n\u00e9hol \u00fagy kellett k\u00e9rdez\u0151sk\u00f6dni, ez el\u00e9g slendri\u00e1n volt, de felt\u0171nt a V\u00e1rf\u00fcrd\u0151 parkja, p\u00e1r sz\u00e1z m\u00e9ter m\u00e1r csak, persze itt m\u00e1r gyorsultam picit, n\u00e9ztem az \u00f3r\u00e1t, kurva j\u00f3 vagy cs\u00e1v\u00f3, 4:28:30 \u00e9s m\u00e1r l\u00e1tod a c\u00e9lt, befut\u00f3, fot\u00f3, \u00e9rem, \u00f3ra meg\u00e1ll\u00edt: 4:29:12. H\u00e1t, hogy hogy lett ennyi nem tudom, 6:22-es \u00e1tlag, tekintve a v\u00e9g\u00e9t el\u00e9g j\u00f3 el\u0151nyt szedtem \u00f6ssze az els\u0151 34 kilom\u00e9teren \u00edgy belef\u00e9rt az is, b\u00e1nja k\u00e1nya, ir\u00e1ny a krem\u00e1l \ud83d\ude00<\/p>\n<p>Kicsit ki\u00e1ztattam magam a t\u00f6bbiekkel, akik addigra m\u00e1r \u00fasz\u00f3h\u00e1rty\u00e1t n\u00f6vesztettek mire be\u00e9rtem, de mindenki vigyorgott mint a tejbet\u00f6k. Elk\u00e9peszt\u0151 id\u0151k sz\u00fclettek, mindenki 9-10 percet jav\u00edtott legjobb f\u00e9lmaratoni idej\u00e9n, a m\u00e1sik maratonista sr\u00e1c 3:50-es c\u00e9lidej\u00e9b\u0151l 3:38 lett, sz\u00f3val mindenkinek \u00f6ssze\u00e1llt a mai nap, fel is sorolom a t\u00f6bbieket, nagyon \u00fcgyesek voltak:<\/p>\n<p>Dr. L\u00e1da Jol\u00e1n &#8211; 21.1 km &#8211; 1:45<br \/>\nKov\u00e1cs Gabriella &#8211; 21.1 km &#8211; 1:49<br \/>\nDi\u00f3szegi Gyula &#8211; 21.1 km &#8211; 1:49<br \/>\nPatk\u00f3s G\u00e1bor &#8211; 42.2 km &#8211; 3:38<\/p>\n<p>Most j\u00f3 ideig nincs \u00fajabb verseny, j\u00f6nnek a h\u00e9tv\u00e9gi hossz\u00fa 40 km feletti edz\u00e9sek, a sz\u00fclinapi ultrafut\u00e1som illetve m\u00e1jus 15-\u00e9n v\u00e1r r\u00e1m egy igaz\u00e1n k\u00fcl\u00f6nleges fut\u00e1s, de err\u0151l majd akkor \ud83d\ude09<\/p>\n<p>&nbsp;<\/p>\n","protected":false},"excerpt":{"rendered":"<p>M\u00e1r tavaly beneveztem erre a versenyre, valamikor a b\u00e9k\u00e9scsabai maratonom ut\u00e1n, akci\u00f3s is volt a nevez\u00e9s, meg tudtam, hogy kellenek az ilyen hossz\u00fa versenyek is. Akkor m\u00e9g nem gondoltam, hogy k\u00f6zben beh\u00fazom a BSZM-et \u00e9s m\u00e1r m\u00e1jus elej\u00e9n ezen a versenyen l\u00e9pem \u00e1t az idei 1000 km-es hat\u00e1rt. Sokat futottam id\u00e9n na \u00e9s rem\u00e9ltem, hogy &hellip; <a href=\"http:\/\/csicso.com\/futas\/vii-varfurdo-maraton-gyula\/\">Continue reading <span class=\"meta-nav\">&rarr;<\/span><\/a><\/p>\n","protected":false},"author":1,"featured_media":0,"comment_status":"closed","ping_status":"closed","sticky":false,"template":"","format":"standard","meta":{"footnotes":""},"categories":[2],"tags":[],"class_list":["post-479","post","type-post","status-publish","format-standard","hentry","category-futas"],"_links":{"self":[{"href":"http:\/\/csicso.com\/futas\/wp-json\/wp\/v2\/posts\/479","targetHints":{"allow":["GET"]}}],"collection":[{"href":"http:\/\/csicso.com\/futas\/wp-json\/wp\/v2\/posts"}],"about":[{"href":"http:\/\/csicso.com\/futas\/wp-json\/wp\/v2\/types\/post"}],"author":[{"embeddable":true,"href":"http:\/\/csicso.com\/futas\/wp-json\/wp\/v2\/users\/1"}],"replies":[{"embeddable":true,"href":"http:\/\/csicso.com\/futas\/wp-json\/wp\/v2\/comments?post=479"}],"version-history":[{"count":6,"href":"http:\/\/csicso.com\/futas\/wp-json\/wp\/v2\/posts\/479\/revisions"}],"predecessor-version":[{"id":488,"href":"http:\/\/csicso.com\/futas\/wp-json\/wp\/v2\/posts\/479\/revisions\/488"}],"wp:attachment":[{"href":"http:\/\/csicso.com\/futas\/wp-json\/wp\/v2\/media?parent=479"}],"wp:term":[{"taxonomy":"category","embeddable":true,"href":"http:\/\/csicso.com\/futas\/wp-json\/wp\/v2\/categories?post=479"},{"taxonomy":"post_tag","embeddable":true,"href":"http:\/\/csicso.com\/futas\/wp-json\/wp\/v2\/tags?post=479"}],"curies":[{"name":"wp","href":"https:\/\/api.w.org\/{rel}","templated":true}]}}