{"id":537,"date":"2015-05-21T21:14:43","date_gmt":"2015-05-21T19:14:43","guid":{"rendered":"http:\/\/csicso.com\/ironman\/?p=537"},"modified":"2019-06-28T15:29:38","modified_gmt":"2019-06-28T13:29:38","slug":"esti-esos-edzes-az-igen-nepes-csoporttal","status":"publish","type":"post","link":"http:\/\/csicso.com\/futas\/esti-esos-edzes-az-igen-nepes-csoporttal\/","title":{"rendered":"Esti es\u0151s edz\u00e9s az igen n\u00e9pes csoporttal"},"content":{"rendered":"<p>Ma is rengetegen voltunk, t\u00f6k j\u00f3 volt l\u00e1tni, hogy egy kis z\u00e1por nem riasztott el senkit, b\u00e1r igaz\u00e1b\u00f3l az \u00e9rdemi r\u00e9szn\u00e9l az es\u0151 volt a legkisebb bajunk \ud83d\ude42<br \/>\nSzint\u00e9n a nagyfiammal voltam, de most csin\u00e1lnom kellett a dolgom, am\u00edg tudott j\u00f6tt velem, ut\u00e1na s\u00e9t\u00e1lt, majd mikor visszafel\u00e9 tartottam \u00fajra becsatlakozott, t\u00f6k j\u00f3l \u00e9rezte mag\u00e1t, volt hogy be\u00e1llt m\u00e1sik csoporttaghoz kocogni egy k\u00f6rt, \u00e9nekelt az es\u0151ben, \u00e9lvezte, 4 km-t gy\u0171jt\u00f6tt kb. \u00e9s nagyon b\u00fcszke vagyok r\u00e1! Semmi nyafog\u00e1s.<br \/>\nNekem ugye ma reggelre is volt 1 \u00f3ra kocog\u00e1s, de \u00e9reztem, hogy ez az esti lesz az igazi. Nem is t\u00e9vedtem. 1 km bemeleg\u00edt\u00e9s majd fut\u00f3iskola ut\u00e1n 3000, 2000, 1000, 500 volt a men\u00fc. K\u00f6zte k\u00e9t perc (vagy n\u00e9ha kicsit t\u00f6bb pihivel :))<br \/>\n3000 m\u00e9ter: 16 perc (2000 m\u00e9ter m\u00e9g 10:16 volt, az utols\u00f3 kilom\u00e9terre elfogytam, bele kellett s\u00e9t\u00e1lnom)<br \/>\n2000 m\u00e9ter: 10:26 (v\u00e9gig egyenletes temp\u00f3ban, fasza volt)<br \/>\n1000 m\u00e9ter: 4:20 (ez kem\u00e9ny volt)<br \/>\n500 m\u00e9ter: igaz\u00e1b\u00f3l 450 m\u00e9ter lett, majdnem beh\u00e1nytam, mire bes\u00e9t\u00e1ltam 2:20 lett a v\u00e9ge<br \/>\nVisszafel\u00e9 lass\u00fa kocog\u00e1s volt, de az utols\u00f3 200-at becs\u00fcletb\u0151l odatettem. Nem tudom az id\u0151t, kb. 4 perces temp\u00f3 lehetett, ennyit m\u00e9g kib\u00edrtam \ud83d\ude42<br \/>\nNem kell altatni ma este az tuti<\/p>\n","protected":false},"excerpt":{"rendered":"<p>Ma is rengetegen voltunk, t\u00f6k j\u00f3 volt l\u00e1tni, hogy egy kis z\u00e1por nem riasztott el senkit, b\u00e1r igaz\u00e1b\u00f3l az \u00e9rdemi r\u00e9szn\u00e9l az es\u0151 volt a legkisebb bajunk \ud83d\ude42 Szint\u00e9n a nagyfiammal voltam, de most csin\u00e1lnom kellett a dolgom, am\u00edg tudott j\u00f6tt velem, ut\u00e1na s\u00e9t\u00e1lt, majd mikor visszafel\u00e9 tartottam \u00fajra becsatlakozott, t\u00f6k j\u00f3l \u00e9rezte mag\u00e1t, volt &hellip; <a href=\"http:\/\/csicso.com\/futas\/esti-esos-edzes-az-igen-nepes-csoporttal\/\">Continue reading <span class=\"meta-nav\">&rarr;<\/span><\/a><\/p>\n","protected":false},"author":1,"featured_media":0,"comment_status":"closed","ping_status":"closed","sticky":false,"template":"","format":"standard","meta":{"footnotes":""},"categories":[2],"tags":[],"class_list":["post-537","post","type-post","status-publish","format-standard","hentry","category-futas"],"_links":{"self":[{"href":"http:\/\/csicso.com\/futas\/wp-json\/wp\/v2\/posts\/537","targetHints":{"allow":["GET"]}}],"collection":[{"href":"http:\/\/csicso.com\/futas\/wp-json\/wp\/v2\/posts"}],"about":[{"href":"http:\/\/csicso.com\/futas\/wp-json\/wp\/v2\/types\/post"}],"author":[{"embeddable":true,"href":"http:\/\/csicso.com\/futas\/wp-json\/wp\/v2\/users\/1"}],"replies":[{"embeddable":true,"href":"http:\/\/csicso.com\/futas\/wp-json\/wp\/v2\/comments?post=537"}],"version-history":[{"count":1,"href":"http:\/\/csicso.com\/futas\/wp-json\/wp\/v2\/posts\/537\/revisions"}],"predecessor-version":[{"id":538,"href":"http:\/\/csicso.com\/futas\/wp-json\/wp\/v2\/posts\/537\/revisions\/538"}],"wp:attachment":[{"href":"http:\/\/csicso.com\/futas\/wp-json\/wp\/v2\/media?parent=537"}],"wp:term":[{"taxonomy":"category","embeddable":true,"href":"http:\/\/csicso.com\/futas\/wp-json\/wp\/v2\/categories?post=537"},{"taxonomy":"post_tag","embeddable":true,"href":"http:\/\/csicso.com\/futas\/wp-json\/wp\/v2\/tags?post=537"}],"curies":[{"name":"wp","href":"https:\/\/api.w.org\/{rel}","templated":true}]}}